{"provider_url": "https://www.santaritadopardo.ms.leg.br", "title": "Quadro de Servidores", "html": "<section class=\"our-webcoderskull padding-lg\">\r\n<div class=\"page-header\">\r\n<h1><span>Servidores Efetivos</span></h1>\r\n</div>\r\n<ul>\r\n<li class=\"col-12 col-md-6 col-lg-3\">\r\n<div class=\"cnt-block equal-hight\" id=\"qf\">\r\n<p class=\"callout\"><strong>ADRIANA PAULINO DE SOUZA MUSSOPAPO</strong><br />T\u00c9CNICA EM ASSUNTOS LEGISLATIVOS<br />ADMISS\u00c3O: 11/01/2007</p>\r\n</div>\r\n</li>\r\n</ul>\r\n</section>\r\n<ul>\r\n<li class=\"col-12 col-md-6 col-lg-3\">\r\n<div class=\"cnt-block equal-hight\" id=\"qf\">\r\n<p class=\"callout\"><b>DENISE VIEIRA MUSSOPAPO DE JESUS</b><br />AUXILIAR DE SERVI\u00c7OS ADMINISTRATIVOS<br />ADMISS\u00c3O: 01/02/2007</p>\r\n</div>\r\n</li>\r\n</ul>\r\n<ul>\r\n<li class=\"col-12 col-md-6 col-lg-3\">\r\n<div class=\"cnt-block equal-hight\" id=\"qf\">\r\n<p class=\"callout\"><b>K\u00c1TIA DE SOUZA MORENO AMORIN</b><br />CHEFE DO DEPARTAMENTO DE ADMINISTRA\u00c7\u00c3O<br />ADMISS\u00c3O: 11/01/2007</p>\r\n</div>\r\n</li>\r\n</ul>\r\n<ul>\r\n<li class=\"col-12 col-md-6 col-lg-3\">\r\n<div class=\"cnt-block equal-hight\" id=\"qf\">\r\n<p class=\"callout\"><b>MAYSA EMANUELLE AVELINO BERNARDINO</b><br /><span>AUXILIAR DE SERVI\u00c7OS ADMINISTRATIVOS</span><br />ADMISS\u00c3O: 01/03/2007</p>\r\n</div>\r\n</li>\r\n</ul>\r\n<ul>\r\n<li class=\"col-12 col-md-6 col-lg-3\">\r\n<div class=\"cnt-block equal-hight\" id=\"qf\">\r\n<p class=\"callout\"><b>ROANDERSON DA SILVA QUEIR\u00d3Z</b><br />DIRETOR FINANCEIRO E CONT\u00c1BIL<br />ADMISS\u00c3O: 11/01/2007</p>\r\n</div>\r\n</li>\r\n</ul>\r\n<section class=\"our-webcoderskull padding-lg\">\r\n<div><span><span><b><br /></b></span></span></div>\r\n<div><span><span><b><br /></b></span></span></div>\r\n<hr />\r\n<div class=\"page-header\">\r\n<h3></h3>\r\n<div class=\"page-header\">\r\n<h1><span>Servidores Comissionados</span></h1>\r\n<ul>\r\n<li class=\"col-12 col-md-6 col-lg-3\">\r\n<div class=\"cnt-block equal-hight\" id=\"qf\">\r\n<p class=\"callout\"><b>ANA\u00a0<b>PAULA MATIS DE FREITAS</b></b><br />ASSESSORA LEGISLATIVA<br />ADMISS\u00c3O: 06/01/2025</p>\r\n</div>\r\n</li>\r\n<li class=\"col-12 col-md-6 col-lg-3\">\r\n<p class=\"callout\"><b>CIBELE DA SILVA MIRANDA<br /></b>ASSESSORA LEGISLATIVA<br />ADMISS\u00c3O: 09/02/2026</p>\r\n</li>\r\n</ul>\r\n<ul>\r\n<li class=\"col-12 col-md-6 col-lg-3\">\r\n<div class=\"cnt-block equal-hight\" id=\"qf\">\r\n<p class=\"callout\"><b>JULIANO DA ROCHA MUCH\u00c3O</b><br />CONTROLADOR GERAL<br />ADMISS\u00c3O: 06/01/2025</p>\r\n</div>\r\n</li>\r\n<li class=\"col-12 col-md-6 col-lg-3\">\r\n<p class=\"callout\"><strong>MARIA ISABELA SOUZA FRANCO DE GODOY</strong>\u00a0 \u00a0 \u00a0 \u00a0 \u00a0 \u00a0 \u00a0 \u00a0 \u00a0 \u00a0 ASSESSORA LEGISLATIVA\u00a0 \u00a0 \u00a0 \u00a0 \u00a0 \u00a0 \u00a0 \u00a0 \u00a0 \u00a0 \u00a0 \u00a0 \u00a0 \u00a0 \u00a0 \u00a0 \u00a0 \u00a0 \u00a0 \u00a0 \u00a0 \u00a0 \u00a0 \u00a0 ADMISS\u00c3O: 06/04/2026</p>\r\n</li>\r\n</ul>\r\n</div>\r\n</div>\r\n<ul>\r\n<li class=\"col-12 col-md-6 col-lg-3\">\r\n<div class=\"cnt-block equal-hight\" id=\"qf\">\r\n<p class=\"callout\"><b>SIDNEY MOREIRA DE SOUZA JUNIOR</b><br />ASSESSOR JUR\u00cdDICO<br />ADMISS\u00c3O: 06/01/2025</p>\r\n</div>\r\n</li>\r\n</ul>\r\n</section><section class=\"our-webcoderskull padding-lg\">\r\n<div><span><span><b><br /></b></span></span></div>\r\n<hr />\r\n<div class=\"page-header\">\r\n<h3></h3>\r\n<div class=\"page-header\">\r\n<h1><span>Assessores Parlamentares</span></h1>\r\n<ul>\r\n<li class=\"col-12 col-md-6 col-lg-3\">\r\n<p class=\"callout\"><strong><strong>ALESSANDRA DO NASCIMENTO DOMINGUES<br /></strong></strong>LOTA\u00c7\u00c3O: GABINETE DA VEREADORA SILMARA<br />ADMISS\u00c3O: 06/03/2025</p>\r\n</li>\r\n<li class=\"col-12 col-md-6 col-lg-3\">\r\n<div class=\"cnt-block equal-hight\" id=\"qf\">\r\n<p class=\"callout\"><strong>BEATRIZ SILVA</strong><br />LOTA\u00c7\u00c3O: GABINETE DO VEREADOR EDMILSON BEZERRA<br />ADMISS\u00c3O: 03/02/2025</p>\r\n</div>\r\n</li>\r\n</ul>\r\n<ul>\r\n<li class=\"col-12 col-md-6 col-lg-3\">\r\n<div class=\"cnt-block equal-hight\" id=\"qf\">\r\n<p class=\"callout\"><strong>DILIANE MENDES CORREA</strong><br /><span>LOTA\u00c7\u00c3O: GABINETE DO VEREADOR CRISTIANO MARQUES - BOQUINHA<br /><span>ADMISS\u00c3O: 28/04/2025</span></span></p>\r\n</div>\r\n</li>\r\n</ul>\r\n<ul>\r\n<li class=\"col-12 col-md-6 col-lg-3\">\r\n<div class=\"cnt-block equal-hight\" id=\"qf\">\r\n<p class=\"callout\"><strong>JHONATAN WILLIAN DOS SANTOS</strong><br />LOTA\u00c7\u00c3O: GABINETE DO VEREADOR MESSIAS<br />ADMISS\u00c3O: 12/02/2026</p>\r\n</div>\r\n</li>\r\n</ul>\r\n</div>\r\n</div>\r\n<ul>\r\n<li class=\"col-12 col-md-6 col-lg-3\">\r\n<div class=\"cnt-block equal-hight\" id=\"qf\">\r\n<p class=\"callout\"><strong>LUAN KRISTIAN FERNANDES MORENO</strong><br /><span>LOTA\u00c7\u00c3O: GABINETE DO VEREADOR RUY CASTELO BRANCO</span><br />ADMISS\u00c3O: 09/01/2025</p>\r\n</div>\r\n</li>\r\n</ul>\r\n<ul>\r\n<li class=\"col-12 col-md-6 col-lg-3\">\r\n<div class=\"cnt-block equal-hight\" id=\"qf\">\r\n<p class=\"callout\"><strong>LUCAS MATHEUS MACHADO DA SILVA</strong><br />LOTA\u00c7\u00c3O: GABINETE DA VEREADORA TEREZA\u00a0<br />ADMISS\u00c3O: 06/01/2025</p>\r\n</div>\r\n</li>\r\n</ul>\r\n<ul>\r\n<li class=\"col-12 col-md-6 col-lg-3\">\r\n<div class=\"cnt-block equal-hight\" id=\"qf\">\r\n<p class=\"callout\"><strong>NELCI APARECIDA CORREIA</strong><br />LOTA\u00c7\u00c3O: GABINETE DO VEREADOR LUIZ CARLOS - KBCINHA<br />ADMISS\u00c3O: 09/01/2025</p>\r\n</div>\r\n</li>\r\n</ul>\r\n<ul>\r\n<li class=\"col-12 col-md-6 col-lg-3\">\r\n<div class=\"cnt-block equal-hight\" id=\"qf\">\r\n<p class=\"callout\"><b>PATR\u00cdCIA IZABEL DE SOUZA MACIEL</b><br />LOTA\u00c7\u00c3O: GABINETE DA VEREADOR TONINHO COLIBRI<br />ADMISS\u00c3O: 12/03/2026</p>\r\n</div>\r\n</li>\r\n<li class=\"col-12 col-md-6 col-lg-3\">\r\n<p class=\"callout\"><span><span><strong>VERONICA BUENO DE OLIVEIRA</strong><br />LOTA\u00c7\u00c3O: GABINETE DA VEREADORA LEU LOPES</span><br />ADMISS\u00c3O: 06/01/2025</span></p>\r\n</li>\r\n</ul>\r\n<br /><br /><br /><br /><br /><br /></section>", "author_name": "", "version": "1.0", "author_url": "https://www.santaritadopardo.ms.leg.br/author/adm", "provider_name": "C\u00e2mara Municipal de Santa Rita do Pardo", "type": "rich"}